{"id":7167,"date":"2015-04-01T11:49:59","date_gmt":"2015-04-01T09:49:59","guid":{"rendered":"http:\/\/hdz-obz.com\/www\/?p=7167"},"modified":"2015-04-01T11:49:59","modified_gmt":"2015-04-01T09:49:59","slug":"tribina-ocuvanje-vrijednosti-domovinskoga-rata-u-osijeku","status":"publish","type":"post","link":"https:\/\/hdz-obz.com\/www\/?p=7167","title":{"rendered":"Tribina \u201eO\u010duvanje vrijednosti Domovinskoga rata u  Osijeku\u201c"},"content":{"rendered":"<p style=\"text-align: justify;\">\n<p style=\"text-align: justify;\">U utorak, 31. o\u017eujka 2015. u Gradskoj \u010detvrti Gornji grad odr\u017eana je tribina \u201eO\u010duvanje\u00a0vrijednosti Domovinskoga rata u gradu Osijeku\u201c u organizaciji Mlade\u017ei HDZ-a grada Osijeka.<\/p>\n<p style=\"text-align: justify;\">Predava\u010di su bili \u010dlanovi Hrvatskog \u010casni\u010dkog Zbora, to\u010dnije general bojnik Vinko Vrbanac, brigadiri\u00a0Marko Leko i Eduard Bakarec te pukovnik \u017deljko Radanovi\u0107.<\/p>\n<p style=\"text-align: justify;\">\u201eIzuzetno mi je drago da ste mla\u0111e generacije odlu\u010dili educirati o tijeku Domovinskog rata u\u00a0Osijeku, te nam tako prenijeti pri\u010du o herojskoj obrani na\u0161ih branitelja. Na nama mladima je da\u00a0o\u010duvamo vrijednosti za koje ste nas zadu\u017eili i da se, kao i vi, spremno borimo za Hrvatsku, ali na svu\u00a0sre\u0107u na druga\u010diji na\u010din.\u201c, izjavio je na po\u010detku predavanja predsjednik Mlade\u017ei G.O. HDZ-a Osijek, g.\u00a0Tribina je bila namijenjena mladim generacijama koje nisu u potpunosti upoznate sa\u00a0vrijednostima i tijekom Domovinskoga rata na na\u0161em podru\u010dju, kao i svim zainteresiranima. Cilj\u00a0predavanja je bilo podizanje svijesti o va\u017enosti na\u0161ih branitelja te po\u010decima na\u0161e domovine.<\/p>\n<p style=\"text-align: justify;\">\u00a0<a href=\"http:\/\/hdz-obz.com\/www\/\/wp-content\/uploads\/2015\/04\/Kre\u0161imir-Radi\u0107.jpg\"><img loading=\"lazy\" class=\"alignnone size-medium wp-image-7171\" src=\"http:\/\/hdz-obz.com\/www\/\/wp-content\/uploads\/2015\/04\/Kre\u0161imir-Radi\u0107-300x200.jpg\" alt=\"Kre\u0161imir Radi\u0107\" width=\"300\" height=\"200\" srcset=\"https:\/\/hdz-obz.com\/www\/wp-content\/uploads\/2015\/04\/Kre\u0161imir-Radi\u0107-300x200.jpg 300w, https:\/\/hdz-obz.com\/www\/wp-content\/uploads\/2015\/04\/Kre\u0161imir-Radi\u0107.jpg 1000w\" sizes=\"(max-width: 300px) 100vw, 300px\" \/><\/a><\/p>\n<p style=\"text-align: justify;\">Okupljeni su imali priliku iz prve ruke upoznati se sa doga\u0111ajima koji su prethodili ratu, sa\u00a0po\u010detkom agresije, kretanju agresora i samom tijeku obrane u gradu Osijeku. Najvi\u0161e zanimanja mladi\u00a0su iskazali po pitanju nesrazmjera vojne mo\u0107i hrvatskih branitelja i vojske JNA. Kako bi im se pribli\u017eilo\u00a0herojsko djelovanje mladih i starih dragovoljaca u ratu, povukle su se paralele po pitanju naoru\u017eanja i\u00a0brojnosti pripadnika Hrvatske vojske i Jugoslavenske narodne armije.<\/p>\n<p style=\"text-align: justify;\"><a href=\"http:\/\/hdz-obz.com\/www\/\/wp-content\/uploads\/2015\/04\/Vinko-Vrbanac.jpg\"><img loading=\"lazy\" class=\"alignnone size-medium wp-image-7170\" src=\"http:\/\/hdz-obz.com\/www\/\/wp-content\/uploads\/2015\/04\/Vinko-Vrbanac-300x200.jpg\" alt=\"Vinko Vrbanac\" width=\"300\" height=\"200\" srcset=\"https:\/\/hdz-obz.com\/www\/wp-content\/uploads\/2015\/04\/Vinko-Vrbanac-300x200.jpg 300w, https:\/\/hdz-obz.com\/www\/wp-content\/uploads\/2015\/04\/Vinko-Vrbanac.jpg 1000w\" sizes=\"(max-width: 300px) 100vw, 300px\" \/><\/a><\/p>\n<p style=\"text-align: justify;\">\u201ePo\u010detke obrane grada Osijeka \u010dinili su upravo \u010dlanovi HDZ-a stoga jedna od zada\u0107a HDZ-a\u00a0grada Osijeka je promoviranje zna\u010daja i doprinosa Osijeka i osje\u010dkih branitelja u obrani i stvaranju\u00a0slobodne Republike Hrvatske.\u201c naglasio je general bojnik Vinko Vrbanac.<\/p>\n<p style=\"text-align: justify;\">Tribinu je obilje\u017eio velik odaziv mladih, kao i interes kroz postavljana pitanja nakon tribine te\u00a0mo\u017eemo zaklju\u010diti kako mladi jo\u0161 uvijek cijene herojske \u010dinove na\u0161ih branitelja. Bitno je poznavati\u00a0povijest kako bismo razumjeli sada\u0161njost i budu\u0107nost. U dana\u0161nje vrijeme potrebno je okrenuti se\u00a0budu\u0107nosti kako se ovakvi doga\u0111aji i neslaganje me\u0111u dvama susjednim nacijama nikada vi\u0161e ne\u00a0Prije samog odr\u017eavanja tribine delegacija Mlade\u017ei HDZ-a, polo\u017eila je vijenac i zapalila svije\u0107u\u00a0kod kapelice Kraljice mira u Osijeku u \u010dast prvom poginulom hrvatskom branitelju Josipu Jovi\u0107u, kao i\u00a0svima koji su polo\u017eili \u017ertvu na oltar domovine za na\u0161u slobodu i neovisnost. Vje\u010dna im hvala i slava!<\/p>\n<p style=\"text-align: justify;\"><a href=\"http:\/\/hdz-obz.com\/www\/\/wp-content\/uploads\/2015\/04\/Delegacija-MHDZ-a.jpg\"><img loading=\"lazy\" class=\"alignnone size-medium wp-image-7169\" src=\"http:\/\/hdz-obz.com\/www\/\/wp-content\/uploads\/2015\/04\/Delegacija-MHDZ-a-300x169.jpg\" alt=\"Delegacija MHDZ-a\" width=\"300\" height=\"169\" srcset=\"https:\/\/hdz-obz.com\/www\/wp-content\/uploads\/2015\/04\/Delegacija-MHDZ-a-300x169.jpg 300w, https:\/\/hdz-obz.com\/www\/wp-content\/uploads\/2015\/04\/Delegacija-MHDZ-a.jpg 960w\" sizes=\"(max-width: 300px) 100vw, 300px\" \/><\/a><\/p>\n","protected":false},"excerpt":{"rendered":"<p>U utorak, 31. o\u017eujka 2015. u Gradskoj \u010detvrti Gornji grad odr\u017eana je tribina \u201eO\u010duvanje\u00a0vrijednosti Domovinskoga rata u gradu Osijeku\u201c u organizaciji Mlade\u017ei HDZ-a grada Osijeka. Predava\u010di su bili \u010dlanovi Hrvatskog \u010casni\u010dkog Zbora, to\u010dnije general bojnik Vinko Vrbanac, brigadiri\u00a0Marko Leko i Eduard Bakarec te pukovnik \u017deljko Radanovi\u0107. \u201eIzuzetno mi je drago da ste mla\u0111e generacije odlu\u010dili &#8230;<\/p>\n","protected":false},"author":3,"featured_media":7168,"comment_status":"closed","ping_status":"closed","sticky":false,"template":"","format":"standard","meta":[],"categories":[119],"tags":[134],"_links":{"self":[{"href":"https:\/\/hdz-obz.com\/www\/index.php?rest_route=\/wp\/v2\/posts\/7167"}],"collection":[{"href":"https:\/\/hdz-obz.com\/www\/index.php?rest_route=\/wp\/v2\/posts"}],"about":[{"href":"https:\/\/hdz-obz.com\/www\/index.php?rest_route=\/wp\/v2\/types\/post"}],"author":[{"embeddable":true,"href":"https:\/\/hdz-obz.com\/www\/index.php?rest_route=\/wp\/v2\/users\/3"}],"replies":[{"embeddable":true,"href":"https:\/\/hdz-obz.com\/www\/index.php?rest_route=%2Fwp%2Fv2%2Fcomments&post=7167"}],"version-history":[{"count":0,"href":"https:\/\/hdz-obz.com\/www\/index.php?rest_route=\/wp\/v2\/posts\/7167\/revisions"}],"wp:featuredmedia":[{"embeddable":true,"href":"https:\/\/hdz-obz.com\/www\/index.php?rest_route=\/wp\/v2\/media\/7168"}],"wp:attachment":[{"href":"https:\/\/hdz-obz.com\/www\/index.php?rest_route=%2Fwp%2Fv2%2Fmedia&parent=7167"}],"wp:term":[{"taxonomy":"category","embeddable":true,"href":"https:\/\/hdz-obz.com\/www\/index.php?rest_route=%2Fwp%2Fv2%2Fcategories&post=7167"},{"taxonomy":"post_tag","embeddable":true,"href":"https:\/\/hdz-obz.com\/www\/index.php?rest_route=%2Fwp%2Fv2%2Ftags&post=7167"}],"curies":[{"name":"wp","href":"https:\/\/api.w.org\/{rel}","templated":true}]}}