{"id":9966,"date":"2016-06-09T23:26:56","date_gmt":"2016-06-09T21:26:56","guid":{"rendered":"http:\/\/hdz-obz.com\/www\/?p=9966"},"modified":"2016-06-11T10:39:37","modified_gmt":"2016-06-11T08:39:37","slug":"opcina-darda-potpisan-sporazum-za-istrazivanje-ostataka-sulejmanovog-mosta","status":"publish","type":"post","link":"http:\/\/hdz-obz.com\/www\/?p=9966","title":{"rendered":"OP\u0106INA DARDA: POTPISAN SPORAZUM O ISTRA\u017dIVANJU OSTATAKA SULEJMANOVOG MOSTA"},"content":{"rendered":"<p class=\"western\" style=\"text-align: justify;\">U \u010detvrtak, 2. lipnja 2016. godine, potpisan je sporazum o suradnji izme\u0111u Op\u0107ine Darda i TIKA-e, Vladine agencije Republike Turske za suradnju i razvoj. Sporazum je u ime Op\u0107ine Darda potpisao na\u010delnik Op\u0107ine Anto Vukoje, a u ime TIKA-e potpredsjednik TIKA-e i direktor Ureda za Balkan i isto\u010dnu Europu dr. Mahmut \u00c7evik. Sporazum je plod vi\u0161emjese\u010dne suradnje Op\u0107ine Darda s Veleposlanstvom Republike Turske u Hrvatskoj i stru\u010dnjacima TIKA-e.<\/p>\n<p class=\"western\" style=\"text-align: justify;\"><a href=\"http:\/\/hdz-obz.com\/www\/\/wp-content\/uploads\/2016\/06\/SULEJMAN-UGOVOR1.jpg\"><img loading=\"lazy\" class=\"alignnone size-medium wp-image-9967\" src=\"http:\/\/hdz-obz.com\/www\/\/wp-content\/uploads\/2016\/06\/SULEJMAN-UGOVOR1-300x225.jpg\" alt=\"SULEJMAN UGOVOR1\" width=\"300\" height=\"225\" srcset=\"http:\/\/hdz-obz.com\/www\/wp-content\/uploads\/2016\/06\/SULEJMAN-UGOVOR1-300x225.jpg 300w, http:\/\/hdz-obz.com\/www\/wp-content\/uploads\/2016\/06\/SULEJMAN-UGOVOR1.jpg 640w\" sizes=\"(max-width: 300px) 100vw, 300px\" \/><\/a><\/p>\n<p class=\"western\" style=\"text-align: justify;\">Sporazumom se TIKA obvezala financirati geofizi\u010dka i arheolo\u0161ka istra\u017eivanja na lokalitetu zavr\u0161etka nekada\u0161njeg Sulejmanovog mosta u Dardi. Podsje\u0107amo, nekada\u0161nji Sulejmanov most protezao se od Osijeka do Darde, u du\u017eini \u0161est kilometara i \u0161irini \u0161est metara, a izradio ga je sultan Sulejman Veli\u010danstveni u 16. stolje\u0107u.<\/p>\n<p class=\"western\" style=\"text-align: justify;\">Nakon dovr\u0161etka geofizi\u010dkih i arheolo\u0161kih istra\u017eivanja, TIKA \u0107e na predmetnoj lokaciji u Dardi, u parku uz dvorac Esterhazy, izgraditi tematski park kojim \u0107e se nastojati prikazati povijesna va\u017enost predmetnog lokaliteta kao i povijesna va\u017enost Sulejmanovog mosta kojeg su mnogi povjesni\u010dari opisivali kao svjetsko \u010dudo.<\/p>\n","protected":false},"excerpt":{"rendered":"<p>U \u010detvrtak, 2. lipnja 2016. godine, potpisan je sporazum o suradnji izme\u0111u Op\u0107ine Darda i TIKA-e, Vladine agencije Republike Turske za suradnju i razvoj. Sporazum je u ime Op\u0107ine Darda potpisao na\u010delnik Op\u0107ine Anto Vukoje, a u ime TIKA-e potpredsjednik TIKA-e i direktor Ureda za Balkan i isto\u010dnu Europu dr. Mahmut \u00c7evik. Sporazum je plod &#8230;<\/p>\n","protected":false},"author":3,"featured_media":9969,"comment_status":"closed","ping_status":"closed","sticky":false,"template":"","format":"standard","meta":[],"categories":[118,119],"tags":[134],"_links":{"self":[{"href":"http:\/\/hdz-obz.com\/www\/index.php?rest_route=\/wp\/v2\/posts\/9966"}],"collection":[{"href":"http:\/\/hdz-obz.com\/www\/index.php?rest_route=\/wp\/v2\/posts"}],"about":[{"href":"http:\/\/hdz-obz.com\/www\/index.php?rest_route=\/wp\/v2\/types\/post"}],"author":[{"embeddable":true,"href":"http:\/\/hdz-obz.com\/www\/index.php?rest_route=\/wp\/v2\/users\/3"}],"replies":[{"embeddable":true,"href":"http:\/\/hdz-obz.com\/www\/index.php?rest_route=%2Fwp%2Fv2%2Fcomments&post=9966"}],"version-history":[{"count":0,"href":"http:\/\/hdz-obz.com\/www\/index.php?rest_route=\/wp\/v2\/posts\/9966\/revisions"}],"wp:featuredmedia":[{"embeddable":true,"href":"http:\/\/hdz-obz.com\/www\/index.php?rest_route=\/wp\/v2\/media\/9969"}],"wp:attachment":[{"href":"http:\/\/hdz-obz.com\/www\/index.php?rest_route=%2Fwp%2Fv2%2Fmedia&parent=9966"}],"wp:term":[{"taxonomy":"category","embeddable":true,"href":"http:\/\/hdz-obz.com\/www\/index.php?rest_route=%2Fwp%2Fv2%2Fcategories&post=9966"},{"taxonomy":"post_tag","embeddable":true,"href":"http:\/\/hdz-obz.com\/www\/index.php?rest_route=%2Fwp%2Fv2%2Ftags&post=9966"}],"curies":[{"name":"wp","href":"https:\/\/api.w.org\/{rel}","templated":true}]}}