{"id":8578,"date":"2016-01-15T13:12:41","date_gmt":"2016-01-15T12:12:41","guid":{"rendered":"http:\/\/hdz-obz.com\/www\/?p=8578"},"modified":"2016-01-15T13:12:41","modified_gmt":"2016-01-15T12:12:41","slug":"15-sijecnja-1992-medunarodno-priznanje-neovisnosti-1998-teritorijalno-jedinstvo-republike-hrvatske-nakon-mirne-reintegracije","status":"publish","type":"post","link":"http:\/\/hdz-obz.com\/www\/?p=8578","title":{"rendered":"15. SIJE\u010cNJA &#8211; 1992. ME\u0110UNARODNO PRIZNANJE NEOVISNOSTI &#8211; 1998. TERITORIJALNO JEDINSTVO REPUBLIKE HRVATSKE NAKON MIRNE REINTEGRACIJE"},"content":{"rendered":"<p style=\"text-align: justify;\">Osma sjednica Gradskog odbora HDZ-a grada Osijeka sino\u0107 je imala sve\u010dani ugo\u0111aj jer su, po zavr\u0161etku radnoga dijela sjednice, \u010dlanovi nazdravili u spomen na me\u0111unarodno priznanje neovisne Republike Hrvatske koje se dogodilo 15. sije\u010dnja 1992. godine. Ovaj datum ima jo\u0161 jedno va\u017eno zna\u010denje u povijesti Republike Hrvatske jer je 15. sije\u010dnja 1998. godine UNTAES, mirovne snage UN-a uklju\u010dene u proces Mirne reintegracije hrvatskoga Podunavlja, napustio ovo podru\u010dje \u0161to je bio dokaz uspje\u0161no provedenog mirnog vra\u0107anja hrvatskih okupiranih krajeva u ustavno-pravni poredak Republike Hrvatske.<\/p>\n<p style=\"text-align: justify;\">Najve\u0107e zasluge za me\u0111unarodno priznanje Republike Hrvatske ima prvi hrvatski predsjednik dr. Franjo Tu\u0111man, koji je svojom uporno\u0161\u0107u i predanim radom uspio dobiti od dvanaest zemalja tada\u0161nje Europske zajednice (EZ). Istoga dana Hrvatsku su priznale i Austrija, Bugarska, Kanada, Ma\u0111arska, Malta, Poljska i \u0160vicarska.<\/p>\n<p style=\"text-align: justify;\">&#8220;Odr\u017eali smo se u pro\u0161losti, pobijedili u sada\u0161njosti, na\u0161a je i budu\u0107nost. Neka je vje\u010dni spomen i slava svima onima koji su svojim \u017eivotima i djelom pridonijeli o\u017eivotvorenju vjekovnoga sna &#8211; slobodne i suverene, neovisne i me\u0111unarodno priznate dr\u017eave Hrvatske&#8221;, to je prigodom rekao prvi hrvatski predsjednik dr. Franjo Tu\u0111man.<\/p>\n<p style=\"text-align: justify;\">Prva dr\u017eava koja je priznala Hrvatsku bio je Island koji je ovu odluku donio jo\u0161 19. prosinca 1991. Isti dan takvu odluku donijela je i Njema\u010dka, ali je odluka stupila na snagu 15. sije\u010dnja, danom priznanja i ostalih \u010dlanica EZ-a. Me\u0111unarodno priznanje Hrvatske dva dana prije Europske zajednice objavila je Sveta stolica, a 14. sije\u010dnja San Marino.<\/p>\n<p style=\"text-align: justify;\">Mirna reintegracija hrvatskoga Podunavlja jo\u0161 uvijek je jedina uspje\u0161na mirovna misija Ujedinjenih naroda u svijetu.<\/p>\n\r\n        <style type='text\/css'>\r\n            #gallery-1 {\r\n                margin: auto;\r\n            }\r\n            #gallery-1 .gallery-item {\r\n                float: left;\r\n                margin-top: 10px;\r\n                text-align: center;\r\n                width: 33%;           }\r\n            #gallery-1 img {\r\n                border: 2px solid #cfcfcf;\r\n            }\r\n            #gallery-1 .gallery-caption {\r\n                margin-left: 0;\r\n            }\r\n        <\/style>\r\n        <!-- see gallery_shortcode() in wp-includes\/media.php -->\r\n        <div id='gallery-1' class='gallery-images gallery galleryid-8578'><dl class='gallery-item'>\r\n            <dt class='gallery-icon'>\r\n                <a href='http:\/\/hdz-obz.com\/www\/wp-content\/uploads\/2016\/01\/IMG_0574.jpg'><img width=\"150\" height=\"150\" src=\"http:\/\/hdz-obz.com\/www\/wp-content\/uploads\/2016\/01\/IMG_0574-150x150.jpg\" class=\"attachment-thumbnail size-thumbnail\" alt=\"15. SIJE\u010cNJA - 1992. ME\u0110UNARODNO PRIZNANJE NEOVISNOSTI - 1998. TERITORIJALNO JEDINSTVO REPUBLIKE HRVATSKE NAKON MIRNE REINTEGRACIJE\" loading=\"lazy\" srcset=\"http:\/\/hdz-obz.com\/www\/wp-content\/uploads\/2016\/01\/IMG_0574-150x150.jpg 150w, http:\/\/hdz-obz.com\/www\/wp-content\/uploads\/2016\/01\/IMG_0574-70x70.jpg 70w\" sizes=\"(max-width: 150px) 100vw, 150px\" \/><\/a>\r\n            <\/dt><\/dl><dl class='gallery-item'>\r\n            <dt class='gallery-icon'>\r\n                <a href='http:\/\/hdz-obz.com\/www\/wp-content\/uploads\/2016\/01\/IMG_0622.jpg'><img width=\"150\" height=\"150\" src=\"http:\/\/hdz-obz.com\/www\/wp-content\/uploads\/2016\/01\/IMG_0622-150x150.jpg\" class=\"attachment-thumbnail size-thumbnail\" alt=\"15. SIJE\u010cNJA - 1992. ME\u0110UNARODNO PRIZNANJE NEOVISNOSTI - 1998. TERITORIJALNO JEDINSTVO REPUBLIKE HRVATSKE NAKON MIRNE REINTEGRACIJE\" loading=\"lazy\" srcset=\"http:\/\/hdz-obz.com\/www\/wp-content\/uploads\/2016\/01\/IMG_0622-150x150.jpg 150w, http:\/\/hdz-obz.com\/www\/wp-content\/uploads\/2016\/01\/IMG_0622-70x70.jpg 70w\" sizes=\"(max-width: 150px) 100vw, 150px\" \/><\/a>\r\n            <\/dt><\/dl><dl class='gallery-item'>\r\n            <dt class='gallery-icon'>\r\n                <a href='http:\/\/hdz-obz.com\/www\/wp-content\/uploads\/2016\/01\/IMG_0641.jpg'><img width=\"150\" height=\"150\" src=\"http:\/\/hdz-obz.com\/www\/wp-content\/uploads\/2016\/01\/IMG_0641-150x150.jpg\" class=\"attachment-thumbnail size-thumbnail\" alt=\"15. SIJE\u010cNJA - 1992. ME\u0110UNARODNO PRIZNANJE NEOVISNOSTI - 1998. TERITORIJALNO JEDINSTVO REPUBLIKE HRVATSKE NAKON MIRNE REINTEGRACIJE\" loading=\"lazy\" srcset=\"http:\/\/hdz-obz.com\/www\/wp-content\/uploads\/2016\/01\/IMG_0641-150x150.jpg 150w, http:\/\/hdz-obz.com\/www\/wp-content\/uploads\/2016\/01\/IMG_0641-70x70.jpg 70w\" sizes=\"(max-width: 150px) 100vw, 150px\" \/><\/a>\r\n            <\/dt><\/dl><br style=\"clear: both\" \/><dl class='gallery-item'>\r\n            <dt class='gallery-icon'>\r\n                <a href='http:\/\/hdz-obz.com\/www\/wp-content\/uploads\/2016\/01\/IMG_0647.jpg'><img width=\"150\" height=\"150\" src=\"http:\/\/hdz-obz.com\/www\/wp-content\/uploads\/2016\/01\/IMG_0647-150x150.jpg\" class=\"attachment-thumbnail size-thumbnail\" alt=\"15. SIJE\u010cNJA - 1992. ME\u0110UNARODNO PRIZNANJE NEOVISNOSTI - 1998. TERITORIJALNO JEDINSTVO REPUBLIKE HRVATSKE NAKON MIRNE REINTEGRACIJE\" loading=\"lazy\" srcset=\"http:\/\/hdz-obz.com\/www\/wp-content\/uploads\/2016\/01\/IMG_0647-150x150.jpg 150w, http:\/\/hdz-obz.com\/www\/wp-content\/uploads\/2016\/01\/IMG_0647-70x70.jpg 70w\" sizes=\"(max-width: 150px) 100vw, 150px\" \/><\/a>\r\n            <\/dt><\/dl><dl class='gallery-item'>\r\n            <dt class='gallery-icon'>\r\n                <a href='http:\/\/hdz-obz.com\/www\/wp-content\/uploads\/2016\/01\/IMG_0661.jpg'><img width=\"150\" height=\"150\" src=\"http:\/\/hdz-obz.com\/www\/wp-content\/uploads\/2016\/01\/IMG_0661-150x150.jpg\" class=\"attachment-thumbnail size-thumbnail\" alt=\"15. SIJE\u010cNJA - 1992. ME\u0110UNARODNO PRIZNANJE NEOVISNOSTI - 1998. TERITORIJALNO JEDINSTVO REPUBLIKE HRVATSKE NAKON MIRNE REINTEGRACIJE\" loading=\"lazy\" srcset=\"http:\/\/hdz-obz.com\/www\/wp-content\/uploads\/2016\/01\/IMG_0661-150x150.jpg 150w, http:\/\/hdz-obz.com\/www\/wp-content\/uploads\/2016\/01\/IMG_0661-70x70.jpg 70w\" sizes=\"(max-width: 150px) 100vw, 150px\" \/><\/a>\r\n            <\/dt><\/dl><dl class='gallery-item'>\r\n            <dt class='gallery-icon'>\r\n                <a href='http:\/\/hdz-obz.com\/www\/wp-content\/uploads\/2016\/01\/IMG_0674.jpg'><img width=\"150\" height=\"150\" src=\"http:\/\/hdz-obz.com\/www\/wp-content\/uploads\/2016\/01\/IMG_0674-150x150.jpg\" class=\"attachment-thumbnail size-thumbnail\" alt=\"15. SIJE\u010cNJA - 1992. ME\u0110UNARODNO PRIZNANJE NEOVISNOSTI - 1998. TERITORIJALNO JEDINSTVO REPUBLIKE HRVATSKE NAKON MIRNE REINTEGRACIJE\" loading=\"lazy\" srcset=\"http:\/\/hdz-obz.com\/www\/wp-content\/uploads\/2016\/01\/IMG_0674-150x150.jpg 150w, http:\/\/hdz-obz.com\/www\/wp-content\/uploads\/2016\/01\/IMG_0674-70x70.jpg 70w\" sizes=\"(max-width: 150px) 100vw, 150px\" \/><\/a>\r\n            <\/dt><\/dl><br style=\"clear: both\" \/><dl class='gallery-item'>\r\n            <dt class='gallery-icon'>\r\n                <a href='http:\/\/hdz-obz.com\/www\/wp-content\/uploads\/2016\/01\/IMG_0682.jpg'><img width=\"150\" height=\"150\" src=\"http:\/\/hdz-obz.com\/www\/wp-content\/uploads\/2016\/01\/IMG_0682-150x150.jpg\" class=\"attachment-thumbnail size-thumbnail\" alt=\"15. SIJE\u010cNJA - 1992. ME\u0110UNARODNO PRIZNANJE NEOVISNOSTI - 1998. TERITORIJALNO JEDINSTVO REPUBLIKE HRVATSKE NAKON MIRNE REINTEGRACIJE\" loading=\"lazy\" srcset=\"http:\/\/hdz-obz.com\/www\/wp-content\/uploads\/2016\/01\/IMG_0682-150x150.jpg 150w, http:\/\/hdz-obz.com\/www\/wp-content\/uploads\/2016\/01\/IMG_0682-70x70.jpg 70w\" sizes=\"(max-width: 150px) 100vw, 150px\" \/><\/a>\r\n            <\/dt><\/dl><dl class='gallery-item'>\r\n            <dt class='gallery-icon'>\r\n                <a href='http:\/\/hdz-obz.com\/www\/wp-content\/uploads\/2016\/01\/IMG_0699.jpg'><img width=\"150\" height=\"150\" src=\"http:\/\/hdz-obz.com\/www\/wp-content\/uploads\/2016\/01\/IMG_0699-150x150.jpg\" class=\"attachment-thumbnail size-thumbnail\" alt=\"15. SIJE\u010cNJA - 1992. ME\u0110UNARODNO PRIZNANJE NEOVISNOSTI - 1998. TERITORIJALNO JEDINSTVO REPUBLIKE HRVATSKE NAKON MIRNE REINTEGRACIJE\" loading=\"lazy\" srcset=\"http:\/\/hdz-obz.com\/www\/wp-content\/uploads\/2016\/01\/IMG_0699-150x150.jpg 150w, http:\/\/hdz-obz.com\/www\/wp-content\/uploads\/2016\/01\/IMG_0699-70x70.jpg 70w\" sizes=\"(max-width: 150px) 100vw, 150px\" \/><\/a>\r\n            <\/dt><\/dl>\r\n            <br style='clear: both;' \/>\r\n        <\/div>\n\n","protected":false},"excerpt":{"rendered":"<p>Osma sjednica Gradskog odbora HDZ-a grada Osijeka sino\u0107 je imala sve\u010dani ugo\u0111aj jer su, po zavr\u0161etku radnoga dijela sjednice, \u010dlanovi nazdravili u spomen na me\u0111unarodno priznanje neovisne Republike Hrvatske koje se dogodilo 15. sije\u010dnja 1992. godine. Ovaj datum ima jo\u0161 jedno va\u017eno zna\u010denje u povijesti Republike Hrvatske jer je 15. sije\u010dnja 1998. godine UNTAES, mirovne &#8230;<\/p>\n","protected":false},"author":2,"featured_media":8580,"comment_status":"closed","ping_status":"closed","sticky":false,"template":"","format":"standard","meta":[],"categories":[119],"tags":[134],"_links":{"self":[{"href":"http:\/\/hdz-obz.com\/www\/index.php?rest_route=\/wp\/v2\/posts\/8578"}],"collection":[{"href":"http:\/\/hdz-obz.com\/www\/index.php?rest_route=\/wp\/v2\/posts"}],"about":[{"href":"http:\/\/hdz-obz.com\/www\/index.php?rest_route=\/wp\/v2\/types\/post"}],"author":[{"embeddable":true,"href":"http:\/\/hdz-obz.com\/www\/index.php?rest_route=\/wp\/v2\/users\/2"}],"replies":[{"embeddable":true,"href":"http:\/\/hdz-obz.com\/www\/index.php?rest_route=%2Fwp%2Fv2%2Fcomments&post=8578"}],"version-history":[{"count":0,"href":"http:\/\/hdz-obz.com\/www\/index.php?rest_route=\/wp\/v2\/posts\/8578\/revisions"}],"wp:featuredmedia":[{"embeddable":true,"href":"http:\/\/hdz-obz.com\/www\/index.php?rest_route=\/wp\/v2\/media\/8580"}],"wp:attachment":[{"href":"http:\/\/hdz-obz.com\/www\/index.php?rest_route=%2Fwp%2Fv2%2Fmedia&parent=8578"}],"wp:term":[{"taxonomy":"category","embeddable":true,"href":"http:\/\/hdz-obz.com\/www\/index.php?rest_route=%2Fwp%2Fv2%2Fcategories&post=8578"},{"taxonomy":"post_tag","embeddable":true,"href":"http:\/\/hdz-obz.com\/www\/index.php?rest_route=%2Fwp%2Fv2%2Ftags&post=8578"}],"curies":[{"name":"wp","href":"https:\/\/api.w.org\/{rel}","templated":true}]}}