{"id":7358,"date":"2015-07-28T16:08:47","date_gmt":"2015-07-28T14:08:47","guid":{"rendered":"http:\/\/hdz-obz.com\/www\/?p=7358"},"modified":"2015-07-28T16:08:47","modified_gmt":"2015-07-28T14:08:47","slug":"video-mihaljevic-u-mo-tenja-ocekujemo-vecu-podrsku-grada-osijeka","status":"publish","type":"post","link":"http:\/\/hdz-obz.com\/www\/?p=7358","title":{"rendered":"VIDEO &#8211; MIHALJEVI\u0106: U MO TENJA O\u010cEKUJEMO VE\u0106U PODR\u0160KU GRADA OSIJEKA"},"content":{"rendered":"<p>&nbsp;<\/p>\n<p>Polaganjem vijenaca na spomenik hrvatskim braniteljima i civilnim \u017ertvama Domovinskog rata, sve\u010danom misom i sjednicom Vije\u0107a Mjesnog odbora, 26. srpnja 2015. godine, na katoli\u010dki blagdan Sv. Ane, obilje\u017een je Dan Mjesnog odbora Tenja.<\/p>\n<p><a href=\"http:\/\/hdz-obz.com\/www\/\/wp-content\/uploads\/2015\/07\/DSC_4729.jpg\"><img loading=\"lazy\" class=\"alignnone size-medium wp-image-7363\" src=\"http:\/\/hdz-obz.com\/www\/\/wp-content\/uploads\/2015\/07\/DSC_4729-300x199.jpg\" alt=\"DSC_4729\" width=\"300\" height=\"199\" srcset=\"http:\/\/hdz-obz.com\/www\/wp-content\/uploads\/2015\/07\/DSC_4729-300x199.jpg 300w, http:\/\/hdz-obz.com\/www\/wp-content\/uploads\/2015\/07\/DSC_4729.jpg 800w\" sizes=\"(max-width: 300px) 100vw, 300px\" \/><\/a><\/p>\n<p>Vijence na spomenik polo\u017eili su \u010delnici Mjesnog odbora, predstavnici gradona\u010delnika Ivana Vrki\u0107a, te predstavnici tenjske podru\u017enice Udruge hrvatskih dragovoljaca Domovinskog rata i tenjske Udruge stradalnika domovine 1941. &#8211; 1991. &#8211; 1995. Molitvu ispred spomenika i sve\u010danu misu u \u017eupnoj crkvi sv. Ane odr\u017eao je \u017eupnik, vl\u010d. Josip Dominkovi\u0107.<\/p>\n<p><a href=\"http:\/\/hdz-obz.com\/www\/\/wp-content\/uploads\/2015\/07\/DSC_4803.jpg\"><img loading=\"lazy\" class=\"alignnone size-medium wp-image-7362\" src=\"http:\/\/hdz-obz.com\/www\/\/wp-content\/uploads\/2015\/07\/DSC_4803-300x199.jpg\" alt=\"DSC_4803\" width=\"300\" height=\"199\" srcset=\"http:\/\/hdz-obz.com\/www\/wp-content\/uploads\/2015\/07\/DSC_4803-300x199.jpg 300w, http:\/\/hdz-obz.com\/www\/wp-content\/uploads\/2015\/07\/DSC_4803.jpg 800w\" sizes=\"(max-width: 300px) 100vw, 300px\" \/><\/a><\/p>\n<p>Predsjednik Mjesnog odbora Tenje Josip Mihaljevi\u0107 (HDZ), izrazio je nezadovoljstvo slabim ulaganjima u komunalne projekte u Tenji ove godine i najavio kako o\u010dekuje ve\u0107e uklju\u010divanje i podr\u0161ku Grada Osijeka.<\/p>\n<p>U Mjesnom odboru Tenja pri\u017eeljkuju skora\u0161nju gradnju parkirali\u0161ta ispred pastoralnog centra i pozdravljaju obnovu biciklisti\u010dke staze koja ide prema Tenji. Nakon zavr\u0161etka radova na kanalizacijskoj odvodnji bit \u0107e sanirana Ulica Vjekoslava Hengla gdje bi trebalo biti postavljeno veliko parkirali\u0161te, te \u0107e biti zavr\u0161eno parkirali\u0161te kod Bo\u0107arskog kluba. Planira se i gradnja svla\u010dionice Nogometnog kluba Slavonac, te tzv. otresnica za poljoprivredne strojeve i traktore na prilaznim putovima koji vode na javne prometnice. Nakon dosta problema i pritisaka, krenulo se i na pro\u0161irenje osnovne \u0161kole.<\/p>\n<p><a href=\"http:\/\/hdz-obz.com\/www\/\/wp-content\/uploads\/2015\/07\/DSC_4868.jpg\"><img loading=\"lazy\" class=\"alignnone size-medium wp-image-7361\" src=\"http:\/\/hdz-obz.com\/www\/\/wp-content\/uploads\/2015\/07\/DSC_4868-300x199.jpg\" alt=\"DSC_4868\" width=\"300\" height=\"199\" srcset=\"http:\/\/hdz-obz.com\/www\/wp-content\/uploads\/2015\/07\/DSC_4868-300x199.jpg 300w, http:\/\/hdz-obz.com\/www\/wp-content\/uploads\/2015\/07\/DSC_4868.jpg 800w\" sizes=\"(max-width: 300px) 100vw, 300px\" \/><\/a><\/p>\n<p>Kao sljede\u0107i veliki projekt u Tenji najavljena je gradnja nastavno-sportske dvorane uz Osnovnu \u0161kolu Tenja. Odobren je idejni projekt, a ove godine osigurano je pola milijuna kuna za projektiranje i otkup zemlji\u0161ta. Gradnja trodijelne dvorane, u kojoj \u0107e se mo\u0107i igrati i rukomet, krenut \u0107e idu\u0107e godine.<\/p>\n<p><iframe width=\"720\" height=\"540\" src=\"https:\/\/www.youtube.com\/embed\/FRthaAtB29Q?feature=oembed\" frameborder=\"0\" allowfullscreen><\/iframe><\/p>\n","protected":false},"excerpt":{"rendered":"<p>&nbsp; Polaganjem vijenaca na spomenik hrvatskim braniteljima i civilnim \u017ertvama Domovinskog rata, sve\u010danom misom i sjednicom Vije\u0107a Mjesnog odbora, 26. srpnja 2015. godine, na katoli\u010dki blagdan Sv. Ane, obilje\u017een je Dan Mjesnog odbora Tenja. Vijence na spomenik polo\u017eili su \u010delnici Mjesnog odbora, predstavnici gradona\u010delnika Ivana Vrki\u0107a, te predstavnici tenjske podru\u017enice Udruge hrvatskih dragovoljaca Domovinskog rata &#8230;<\/p>\n","protected":false},"author":3,"featured_media":7359,"comment_status":"closed","ping_status":"closed","sticky":false,"template":"","format":"standard","meta":[],"categories":[119],"tags":[134],"_links":{"self":[{"href":"http:\/\/hdz-obz.com\/www\/index.php?rest_route=\/wp\/v2\/posts\/7358"}],"collection":[{"href":"http:\/\/hdz-obz.com\/www\/index.php?rest_route=\/wp\/v2\/posts"}],"about":[{"href":"http:\/\/hdz-obz.com\/www\/index.php?rest_route=\/wp\/v2\/types\/post"}],"author":[{"embeddable":true,"href":"http:\/\/hdz-obz.com\/www\/index.php?rest_route=\/wp\/v2\/users\/3"}],"replies":[{"embeddable":true,"href":"http:\/\/hdz-obz.com\/www\/index.php?rest_route=%2Fwp%2Fv2%2Fcomments&post=7358"}],"version-history":[{"count":0,"href":"http:\/\/hdz-obz.com\/www\/index.php?rest_route=\/wp\/v2\/posts\/7358\/revisions"}],"wp:featuredmedia":[{"embeddable":true,"href":"http:\/\/hdz-obz.com\/www\/index.php?rest_route=\/wp\/v2\/media\/7359"}],"wp:attachment":[{"href":"http:\/\/hdz-obz.com\/www\/index.php?rest_route=%2Fwp%2Fv2%2Fmedia&parent=7358"}],"wp:term":[{"taxonomy":"category","embeddable":true,"href":"http:\/\/hdz-obz.com\/www\/index.php?rest_route=%2Fwp%2Fv2%2Fcategories&post=7358"},{"taxonomy":"post_tag","embeddable":true,"href":"http:\/\/hdz-obz.com\/www\/index.php?rest_route=%2Fwp%2Fv2%2Ftags&post=7358"}],"curies":[{"name":"wp","href":"https:\/\/api.w.org\/{rel}","templated":true}]}}