{"id":7259,"date":"2015-07-02T17:28:09","date_gmt":"2015-07-02T15:28:09","guid":{"rendered":"http:\/\/hdz-obz.com\/www\/?p=7259"},"modified":"2015-07-08T10:24:16","modified_gmt":"2015-07-08T08:24:16","slug":"ocitovanje-na-natpise-i-klevete-celnistva-hdssb-na-izbornoj-skupstini-oohdssb-a-za-opcinu-viljevo-odrzanoj-28-06-2015-godine-kao-i-na-stranackoj-televiziji","status":"publish","type":"post","link":"http:\/\/hdz-obz.com\/www\/?p=7259","title":{"rendered":"O\u010cITOVANJE NA NATPISE I KLEVETE \u010cELNI\u0160TVA HDSSB na izbornoj  skup\u0161tini OOHDSSB-a za Op\u0107inu Viljevo, odr\u017eanoj 28.06.2015. godine, kao i na  strana\u010dkoj televiziji"},"content":{"rendered":"<p style=\"text-align: justify;\">Na izborima odlu\u010duju na\u0161i bira\u010di i sva sre\u0107a da je tako, da ne moraju pitati za mi\u0161ljenje\u00a0ljude koji su u svojoj mr\u017enji pre\u0161li sve granice.<\/p>\n<p style=\"text-align: justify;\">Utemeljitelju HDSSB-a g. Branimire Glava\u0161u, da su Vas pravilno izvijestili\u00a0predsjednik OOHDSSB-a Ivan Kova\u010devi\u0107 i njegovi suradnici, znali biste da kad zbrojite\u00a0prora\u010dune od postanka op\u0107ina 1993. godine do danas, da sve zajedno op\u0107ine Viljevo,\u00a0Marijanci i Podravska Moslavina nisu prihodovale iznos od &#8221;okvirno&#8221; 22 mil \u20ac, koji Vi\u00a0spominjete. Na strana\u010dkoj televiziji naveden je iznos od 23 mil \u20ac i vi\u0161e, pa sam pomislio koje\u00a0sve blagodati bi imali da je taj podatak istinit. Pomislio sam mo\u017eda je \u017dupanija dozna\u010dila te\u00a0novce Op\u0107ini Viljevo kroz sve ove godine samo \u0161to mi to ne znamo ili je krivi broj ra\u010duna pa\u00a0nisu sredstva stigla. Pitam vlasti u \u017eupaniji koju vodite sve ove godine koliko ste sredstava\u00a0odvojili za na\u0161u Op\u0107inu koju cijelo vrijeme ka\u017enjavate i koju Vi dr\u017eite u izolaciji. Dobro\u00a0znate \u010dega je investitor Op\u0107ina Viljevo bila. Zbog toga me \u010dudi da Va\u0161 predsjednik VULIN\u00a0&#8221;zna&#8217; da je dvorana dva puta bila otvarana i to nakon dva-tri dana kada je tada\u0161nji \u017eupan\u00a0odlu\u010dio da presije\u010de vrpcu u samo nekoliko sati, jer ja sam kao na\u010delnik poslao dopis u kojem\u00a0sam samo tra\u017eio dogovor u svezi otvaranja. Pa ga pitam kada sam ja ili bilo tko &#8221;drugi put&#8221;\u00a0otvarao dvoranu.<\/p>\n<p style=\"text-align: justify;\">Dru\u0161tveni dom je u primjerenom stanju ure\u0111en vlastitim skromnim sredstvima Op\u0107ine\u00a0Viljevo i va\u0161i objedi ne odgovaraju istini, a pu\u010danstvu op\u0107ine i \u017eupanije na znanje, Op\u0107ina\u00a0Viljevo je ovih dana dobila gra\u0111evinsku dozvolu za ure\u0111enja centra Viljevo, vrijednosti vi\u0161e\u00a0od 20 milijuna KUNA (NE EURA). Moji Viljev\u010dani i pu\u010danstvo op\u0107ine Viljevo znaju tko je\u00a0na\u010delnik Ivan Fekete. Politi\u010dar sam samo jedan mjesec pred izbore i moji suradnici znaju da\u00a0niti tada ne smiju govoriti niti jednu ru\u017enu rije\u010d o ljudima drugog mi\u0161ljenja. Svako naselje i\u00a0svaka ku\u0107a zna da sam im na usluzi 24 sata i nikada nitko nije odbijen ili mu upu\u0107ena ru\u017ena i\u00a0sada pitam mladog nadobudnog predsjednika HDSSB-a Osje\u010dko-baranjske \u017eupanije\u00a0(kojeg, priznam, malo poznajem) i o kome sam imao solidno mi\u0161ljenje, od kuda mu pravo da\u00a0mene na\u010delnika kojeg narod bira ve\u0107 7 mandata uspore\u0111uje sa sjeverno-korejskim diktatorom,\u00a0te time vrije\u0111a i po\u0161tene bira\u010de na\u0161e op\u0107ine. Ostao sam neugodno zate\u010den dokle ljudska zloba\u00a0mo\u017ee i\u0107i.!!? Oporba Op\u0107ine Viljevo davno prije nadjenula je na\u0161em selu ime Feketinci. Jasno\u00a0za mene to uvijek ostaje moje Viljevo, a vama zlobnicima ka\u017eem to mi i godi jer vrijedni ljudi\u00a0moje op\u0107ine znaju to prepoznati i cijeniti.\u00a0proteklih godina u infrastrukturu svih naselja na podru\u010dju op\u0107ine pa je tako izgra\u0111ena\u00a0vodoopskrbna mre\u017ea cijele Op\u0107ine Viljevo, plinovodna mre\u017ea, asvaltirane su ulice i ure\u0111uju\u00a0se nerazvrstane ceste, vodi se briga o ure\u0111enju i odr\u017eavanju dru\u0161tvenih domova, \u0161kolskih\u00a0objekata, \u0161portskih objekata, vjerskih objekata, javne rasvjete, vatrogasnih domova,\u00a0mrtva\u010dnica te se provode i realiziraju brojni drugi projekti na podru\u010dju ove op\u0107ine. Koristim\u00a0priliku i napominjem da bi i nama bilo lak\u0161e to sve realizirati da smo imali pomo\u0107 Osje\u010dko-\u00a0baranjske \u017eupanije svih ovih proteklih godina, koja je u potpunosti izostala a \u010diji se politi\u010dki<\/p>\n<p style=\"text-align: justify;\">Na znanje svima: Op\u0107ina Viljevo sa svojim skromnim sredstvima ulagala je\u00a0\u010delnici pojavljuju samo nekoliko dana pred odr\u017eavanje izbora te \u201eprodaju maglu\u201c svojim\u00a0istomi\u0161ljenicima. Uz ve\u0107 navedeno, tako\u0111er isti\u010dem da vodimo brigu o svojim studentima te\u00a0tako svi studenti s podru\u010dja Op\u0107ine Viljevo primaju naknadu u mogu\u0107nostima prora\u010duna,\u00a0ispla\u0107ujemo porodiljne naknade za novoro\u0111enu djecu, \u0161kolske putne karte te poma\u017eemo u\u00a0pla\u0107anju u\u010deni\u010dkih domova srednjo\u0161kolcima. Tako\u0111er poma\u017eemo i obiteljima lo\u0161ijeg\u00a0financijskog i materijalnog stanja kojima su uvijek otvorena vrata na\u010delnika i Op\u0107ine Viljevo.<\/p>\n<p style=\"text-align: justify;\">Slijedom prethodno navedenog, napominjem da Op\u0107ina Viljevo od njenog osnutka\u00a0nije imala blokiran ra\u010dun niti jedan dan a redovito izvr\u0161avamo teku\u0107e kreditne obaveze koje\u00a0nisu velike, za utro\u0161ena sredstva u kapitalne projekte. Nismo izdavali nikakva jamstva,\u00a0nemamo dotacija a pogotovo ne iz \u017eupanijske razine.\u00a0Svoja skromna sredstva raspodijelimo op\u0107inskom prora\u010dunom za sve prethodno\u00a0navedeno, funkcioniraju nam udruge gra\u0111ana u skladu sa mogu\u0107nostima, a za budu\u0107e vrijeme\u00a0sada ve\u0107 imamo spremnih projekata u vrijednosti vi\u0161e od 50 milijuna kuna sa va\u017ee\u0107im\u00a0gra\u0111evinskim dozvolama, koje se nadam da \u0107emo realizirati zajedno sa bira\u010dima ovog kraja\u00a0koji \u0107e nam ponovno ukazati svoje povjerenje a nadam se i u suradnji sa nekom budu\u0107om\u00a0\u017eupanijom i njenim \u010delnicima koja \u0107e biti u slu\u017ebi naroda i ovoga kraja a ne kao \u0161to je to bilo\u00a0do sada.<\/p>\n<p>U Viljevu, 2. Srpnja 2015. godine<\/p>\n<p style=\"text-align: right;\">OP\u0106INSKI NA\u010cELNIK:<\/p>\n<p style=\"text-align: right;\">IVAN FEKETE<\/p>\n","protected":false},"excerpt":{"rendered":"<p>Na izborima odlu\u010duju na\u0161i bira\u010di i sva sre\u0107a da je tako, da ne moraju pitati za mi\u0161ljenje\u00a0ljude koji su u svojoj mr\u017enji pre\u0161li sve granice. Utemeljitelju HDSSB-a g. Branimire Glava\u0161u, da su Vas pravilno izvijestili\u00a0predsjednik OOHDSSB-a Ivan Kova\u010devi\u0107 i njegovi suradnici, znali biste da kad zbrojite\u00a0prora\u010dune od postanka op\u0107ina 1993. godine do danas, da sve &#8230;<\/p>\n","protected":false},"author":3,"featured_media":7104,"comment_status":"closed","ping_status":"closed","sticky":false,"template":"","format":"standard","meta":[],"categories":[119],"tags":[134],"_links":{"self":[{"href":"http:\/\/hdz-obz.com\/www\/index.php?rest_route=\/wp\/v2\/posts\/7259"}],"collection":[{"href":"http:\/\/hdz-obz.com\/www\/index.php?rest_route=\/wp\/v2\/posts"}],"about":[{"href":"http:\/\/hdz-obz.com\/www\/index.php?rest_route=\/wp\/v2\/types\/post"}],"author":[{"embeddable":true,"href":"http:\/\/hdz-obz.com\/www\/index.php?rest_route=\/wp\/v2\/users\/3"}],"replies":[{"embeddable":true,"href":"http:\/\/hdz-obz.com\/www\/index.php?rest_route=%2Fwp%2Fv2%2Fcomments&post=7259"}],"version-history":[{"count":0,"href":"http:\/\/hdz-obz.com\/www\/index.php?rest_route=\/wp\/v2\/posts\/7259\/revisions"}],"wp:featuredmedia":[{"embeddable":true,"href":"http:\/\/hdz-obz.com\/www\/index.php?rest_route=\/wp\/v2\/media\/7104"}],"wp:attachment":[{"href":"http:\/\/hdz-obz.com\/www\/index.php?rest_route=%2Fwp%2Fv2%2Fmedia&parent=7259"}],"wp:term":[{"taxonomy":"category","embeddable":true,"href":"http:\/\/hdz-obz.com\/www\/index.php?rest_route=%2Fwp%2Fv2%2Fcategories&post=7259"},{"taxonomy":"post_tag","embeddable":true,"href":"http:\/\/hdz-obz.com\/www\/index.php?rest_route=%2Fwp%2Fv2%2Ftags&post=7259"}],"curies":[{"name":"wp","href":"https:\/\/api.w.org\/{rel}","templated":true}]}}