{"id":7250,"date":"2015-06-30T17:55:47","date_gmt":"2015-06-30T15:55:47","guid":{"rendered":"http:\/\/hdz-obz.com\/www\/?p=7250"},"modified":"2015-06-30T17:55:47","modified_gmt":"2015-06-30T15:55:47","slug":"ivan-anusic-i-tomislav-tolusic-izabrani-za-dopredsjednike-egtc-pannona","status":"publish","type":"post","link":"http:\/\/hdz-obz.com\/www\/?p=7250","title":{"rendered":"Ivan Anu\u0161i\u0107 i Tomislav Tolu\u0161i\u0107 izabrani za dopredsjednike EGTC Pannona"},"content":{"rendered":"<p>&nbsp;<\/p>\n<p style=\"text-align: justify;\">Danas je u Pe\u010duhu odr\u017eana Glavna skup\u0161tina EGTC Pannon gdje su na\u010delnik Op\u0107ine\u00a0Antunovac te predsjednik \u017dupanijske organizacije Hrvatske demokratske zajednice Osje\u010dko \u2013\u00a0baranjske Ivan Anu\u0161i\u0107, kao i Tomislav Tolu\u0161i\u0107, \u017eupan Viroviti\u010dko-Podravske \u017eupanije, izabrani za\u00a0dopredsjednike EGTC Pannona.<\/p>\n<p style=\"text-align: justify;\">Op\u0107ina Antunovac op\u0107ina je koja je povukla najvi\u0161e sredstava iz EU fondova u Osje\u010dko \u2013\u00a0baranjskoj \u017eupaniji stoga je ova nominacija u ovako presti\u017enoj grupaciji veliko priznanje za dosada\u0161nji\u00a0rad. Jednako tako ovo je podstrek svima u \u017eupaniji da se s kvalitetnim projektima mo\u017ee konkurirati u\u00a0Europskoj uniji te razvijati i izgra\u0111ivati jedinice lokalne samouprave.<\/p>\n<p style=\"text-align: justify;\">Anu\u0161i\u0107 napominje kako je ovo \u010dast, ali i obaveza. Biti u dru\u0161tvu takozvanih velikih zemalja\u00a0Europske unije dokaz je da se trudom i radom mogu posti\u0107i rezultati, stoga je ovo \u010dast i za Op\u0107inu\u00a0Antunovac, ali i za Osje\u010dko \u2013 baranjsku \u017eupaniju. Jednako tako ovo je i obveza da dosada\u0161nji rad\u00a0moramo unaprijediti jer je nu\u017eno opravdati povjerenje koje imamo unutar EGTC Pannon grupacije.<\/p>\n<p style=\"text-align: justify;\">Samim tim na nama je da jo\u0161 predanije razvijamo projekte koje \u0107e doprinijeti unaprje\u0111enju \u017eivota u\u00a0lokalnim zajednicama, a isto tako dati priliku da pojedinci sami realiziraju kvalitetne ideje i projekte,\u00a0zaklju\u010dio je Anu\u0161i\u0107.<\/p>\n<p style=\"text-align: justify;\">Istaknuo je kako se Op\u0107ina Antunovac svojim radom, energi\u010dno\u0161\u0107u i poduzetni\u0161tvom\u00a0nametnula kao zna\u010dajna komponenta unutar Osje\u010dko \u2013 baranjske \u017eupanije koja je uspjela privu\u0107i i\u00a0investitore. Osnivanjem agencije za razvoj Roda, koja se bavi isklju\u010divo razvojem kroz EU fondove,\u00a0Anu\u0161i\u0107 vjeruje kako \u0107e ova op\u0107ina postati uzor drugima koji \u0107e uvidjeti zna\u010daj europskih fondova i\u00a0prednosti koje oni nude u smislu razvoja lokalnih sredina, ali i zapo\u0161ljavanja mladih ljudi kako bi se\u00a0sprije\u010dio njihov odlazaka \u2013 jer ovo nam je i izazov i prilika, dodaje Anu\u0161i\u0107.<\/p>\n<p style=\"text-align: justify;\">EGTC je grupacija za europsku teritorijalnu suradnju dr\u017eava \u010dlanica EU koja nudi partnerstvo i\u00a0nove mogu\u0107nosti za financiranje razvojnih programa iz fondova EU.\u00a0Op\u0107ina Antunovac i Viroviti\u010dko-podravska \u017eupanija prve su \u010dlanice ovakvog me\u0111unarodnog\u00a0partnerstva iz Republike Hrvatske koje su otvorile su vrata i ostalim jedinicama lokalne i regionalne\u00a0samouprave za uklju\u010divanje u europske EGTC-ove.<\/p>\n<p style=\"text-align: right;\">Predsjednik<\/p>\n<p style=\"text-align: right;\">\u017dupanijskog odbora HDZ-a OB\u017d<\/p>\n<p style=\"text-align: right;\">Ivan Anu\u0161i\u0107<\/p>\n","protected":false},"excerpt":{"rendered":"<p>&nbsp; Danas je u Pe\u010duhu odr\u017eana Glavna skup\u0161tina EGTC Pannon gdje su na\u010delnik Op\u0107ine\u00a0Antunovac te predsjednik \u017dupanijske organizacije Hrvatske demokratske zajednice Osje\u010dko \u2013\u00a0baranjske Ivan Anu\u0161i\u0107, kao i Tomislav Tolu\u0161i\u0107, \u017eupan Viroviti\u010dko-Podravske \u017eupanije, izabrani za\u00a0dopredsjednike EGTC Pannona. Op\u0107ina Antunovac op\u0107ina je koja je povukla najvi\u0161e sredstava iz EU fondova u Osje\u010dko \u2013\u00a0baranjskoj \u017eupaniji stoga je ova &#8230;<\/p>\n","protected":false},"author":3,"featured_media":7251,"comment_status":"closed","ping_status":"closed","sticky":false,"template":"","format":"standard","meta":[],"categories":[118,119],"tags":[134],"_links":{"self":[{"href":"http:\/\/hdz-obz.com\/www\/index.php?rest_route=\/wp\/v2\/posts\/7250"}],"collection":[{"href":"http:\/\/hdz-obz.com\/www\/index.php?rest_route=\/wp\/v2\/posts"}],"about":[{"href":"http:\/\/hdz-obz.com\/www\/index.php?rest_route=\/wp\/v2\/types\/post"}],"author":[{"embeddable":true,"href":"http:\/\/hdz-obz.com\/www\/index.php?rest_route=\/wp\/v2\/users\/3"}],"replies":[{"embeddable":true,"href":"http:\/\/hdz-obz.com\/www\/index.php?rest_route=%2Fwp%2Fv2%2Fcomments&post=7250"}],"version-history":[{"count":0,"href":"http:\/\/hdz-obz.com\/www\/index.php?rest_route=\/wp\/v2\/posts\/7250\/revisions"}],"wp:featuredmedia":[{"embeddable":true,"href":"http:\/\/hdz-obz.com\/www\/index.php?rest_route=\/wp\/v2\/media\/7251"}],"wp:attachment":[{"href":"http:\/\/hdz-obz.com\/www\/index.php?rest_route=%2Fwp%2Fv2%2Fmedia&parent=7250"}],"wp:term":[{"taxonomy":"category","embeddable":true,"href":"http:\/\/hdz-obz.com\/www\/index.php?rest_route=%2Fwp%2Fv2%2Fcategories&post=7250"},{"taxonomy":"post_tag","embeddable":true,"href":"http:\/\/hdz-obz.com\/www\/index.php?rest_route=%2Fwp%2Fv2%2Ftags&post=7250"}],"curies":[{"name":"wp","href":"https:\/\/api.w.org\/{rel}","templated":true}]}}