{"id":7240,"date":"2015-06-14T18:15:20","date_gmt":"2015-06-14T16:15:20","guid":{"rendered":"http:\/\/hdz-obz.com\/www\/?p=7240"},"modified":"2015-06-14T18:15:20","modified_gmt":"2015-06-14T16:15:20","slug":"video-dr-vlatko-kopic-novi-predsjednik-osjeckog-hdz-a","status":"publish","type":"post","link":"http:\/\/hdz-obz.com\/www\/?p=7240","title":{"rendered":"(VIDEO) Dr. Vlatko Kopi\u0107 &#8211; novi predsjednik osje\u010dkog HDZ-a"},"content":{"rendered":"<p style=\"text-align: justify;\">\n<p>Na izvanrednoj izbornoj skup\u0161tini osje\u010dkog (gradskog) HDZ-a za novog predsjednika izabran je dr. Vlatko Kopi\u0107. Dobio je potporu svih 14 temeljnih ogranaka. Osim novog predsjednika, izabrano je 20 \u010dlanova Gradskog odbora. Na skup\u0161tini je sudjelovalo ukupno 128 izaslanika.<\/p>\n<p style=\"text-align: justify;\">http:\/\/www.hdz.hr\/vijest\/lokalne\/nove-snage-u-osijeku-novi-iskorak-prema&#8230;<\/p>\n<p style=\"text-align: justify;\"><strong>Neumorno raditi i \u010dasno slu\u017eiti narodu<\/strong><\/p>\n<p style=\"text-align: justify;\">Dr. Kopi\u0107, ina\u010de specijalist oralne kirurgije u KBC Osijek i asistent na Zavodu za dentalnu medicinu Medicinskog fakulteta u Osijeku, nakon preuzimanja nove odgovorne du\u017enosti naglasio da je na\u0161a stranka pokazala jedinstvo i zajedni\u0161tvo. Slijede pripreme za pobjedu na parlamentarnim izborima, a upravo zajedni\u0161tvom se pobje\u0111uje.<\/p>\n<p style=\"text-align: justify;\">Iskazao je zahvalnost svim koji su mu ukazali povjerenje da preuzme ovu \u010dasnu i odgovornu du\u017enost. Jasno je poru\u010dio je da odmah kre\u0107e u osna\u017eivanje gradske organizacije.<\/p>\n<p style=\"text-align: justify;\">&#8211; Na\u0161a snaga nastaje kao zbroj snage svakog pojedinca. Pozivam sve da radimo za domovinu &#8211; to je iscrpljuju\u0107i put. Nama je predana u ruke \u010dasna i odgovorna du\u017enost. Pred nama su izbori, pozivam vas sve da budete marljivi, pametni i mudri. Trudom i radom moramo zaslu\u017eiti povjerenje naroda. I za razliku od aktualne vlasti &#8211; \u010dasno slu\u017eiti svome narodu! Cilj vodstva koje ste danas izabran bit \u0107e rad na ja\u010danju stranke, a to se posti\u017ee isklju\u010divo radom na terenu.<\/p>\n<p><iframe width=\"720\" height=\"405\" src=\"https:\/\/www.youtube.com\/embed\/Dx7p8A6yfoA?feature=oembed\" frameborder=\"0\" allowfullscreen><\/iframe><\/p>\n<p style=\"text-align: justify;\"><strong>Snaga je u zajedni\u0161tvu<\/strong><\/p>\n<p style=\"text-align: justify;\">Prvi \u010dovjek osje\u010dko-baranjskog (\u017eupanijskog) HDZ-a Ivan Anu\u0161i\u0107 istaknuo je da &#8211; kada je preuzeo vodstvo \u017eupanijske organizacije &#8211; prvi i osnovni cilj je bio konsolidirati i osna\u017eiti stranku u cijeloj \u017eupaniji, posebice u Osijeku.<\/p>\n<p style=\"text-align: justify;\">&#8211; Upravo dana\u0161njim odabirom dr. Vlatka Kopi\u0107a za predsjednika Gradskog odbora nadomak smo tom cilju. Za dvije godine su i lokalni izbori. Preuzet \u0107emo odgovornost ne samo za sudbinu dr\u017eave, ve\u0107 i za vo\u0111enje grada i \u017eupanije. Spremni smo za parlamentarne izbore kad god oni bili. Kao koordinator 4. izborne jedinice osje\u0107am du\u017enost i odgovornost da rezultat izbora bude vi\u0161e nego odli\u010dan. To \u0107emo sigurno i posti\u0107i! Druga \u017eupanija smo po veli\u010dini u Hrvatskoj &#8211; zato je ovo za nas bitan datum. Pozivam sve na zajedni\u0161tvo &#8211; kao \u0161to smo bili zajedno 90-ih! Izbori su pred nama &#8211; svi se moramo anga\u017eirati.<\/p>\n<p><iframe width=\"720\" height=\"405\" src=\"https:\/\/www.youtube.com\/embed\/HcKgLZqLghM?feature=oembed\" frameborder=\"0\" allowfullscreen><\/iframe><\/p>\n<p style=\"text-align: justify;\">Nakon izborne skup\u0161tine odr\u017eana je konstituiraju\u0107a sjednica &#8211; na kojoj je za potpredsjednika Gradskog odbora izabran Ivan Radi\u0107. Josip Mihaljevi\u0107 izabran je pak za tajnika.<\/p>\n<p style=\"text-align: justify;\"><strong>Pobjedni\u010dka stranka<\/strong><\/p>\n<p style=\"text-align: justify;\">Prisutnima se, me\u0111u inima, obratio i izaslanik predsjednika Tomislava Karamarka &#8211; vukovarsko-srijemski \u017eupan (i potpredsjednik HDZ-a) Bo\u017eo Gali\u0107. Pozvao je sve \u010dlanove na jo\u0161 predaniji rad na terenu &#8211; kako bi se ostvarila jo\u0161 jedna pobjeda na izborima! Na skup\u0161tini su bili i brojni gosti &#8211; saborski zastupnici Josip \u0110aki\u0107, Tomislav Ivi\u0107 i Tugomir Kuduz, viroviti\u010dko-podravski \u017eupan Tomislav Tolu\u0161i\u0107\u2026<\/p>\n","protected":false},"excerpt":{"rendered":"<p>Na izvanrednoj izbornoj skup\u0161tini osje\u010dkog (gradskog) HDZ-a za novog predsjednika izabran je dr. Vlatko Kopi\u0107. Dobio je potporu svih 14 temeljnih ogranaka. Osim novog predsjednika, izabrano je 20 \u010dlanova Gradskog odbora. Na skup\u0161tini je sudjelovalo ukupno 128 izaslanika. http:\/\/www.hdz.hr\/vijest\/lokalne\/nove-snage-u-osijeku-novi-iskorak-prema&#8230; Neumorno raditi i \u010dasno slu\u017eiti narodu Dr. Kopi\u0107, ina\u010de specijalist oralne kirurgije u KBC Osijek i &#8230;<\/p>\n","protected":false},"author":3,"featured_media":7241,"comment_status":"closed","ping_status":"closed","sticky":false,"template":"","format":"standard","meta":[],"categories":[119],"tags":[134],"_links":{"self":[{"href":"http:\/\/hdz-obz.com\/www\/index.php?rest_route=\/wp\/v2\/posts\/7240"}],"collection":[{"href":"http:\/\/hdz-obz.com\/www\/index.php?rest_route=\/wp\/v2\/posts"}],"about":[{"href":"http:\/\/hdz-obz.com\/www\/index.php?rest_route=\/wp\/v2\/types\/post"}],"author":[{"embeddable":true,"href":"http:\/\/hdz-obz.com\/www\/index.php?rest_route=\/wp\/v2\/users\/3"}],"replies":[{"embeddable":true,"href":"http:\/\/hdz-obz.com\/www\/index.php?rest_route=%2Fwp%2Fv2%2Fcomments&post=7240"}],"version-history":[{"count":0,"href":"http:\/\/hdz-obz.com\/www\/index.php?rest_route=\/wp\/v2\/posts\/7240\/revisions"}],"wp:featuredmedia":[{"embeddable":true,"href":"http:\/\/hdz-obz.com\/www\/index.php?rest_route=\/wp\/v2\/media\/7241"}],"wp:attachment":[{"href":"http:\/\/hdz-obz.com\/www\/index.php?rest_route=%2Fwp%2Fv2%2Fmedia&parent=7240"}],"wp:term":[{"taxonomy":"category","embeddable":true,"href":"http:\/\/hdz-obz.com\/www\/index.php?rest_route=%2Fwp%2Fv2%2Fcategories&post=7240"},{"taxonomy":"post_tag","embeddable":true,"href":"http:\/\/hdz-obz.com\/www\/index.php?rest_route=%2Fwp%2Fv2%2Ftags&post=7240"}],"curies":[{"name":"wp","href":"https:\/\/api.w.org\/{rel}","templated":true}]}}