{"id":16252,"date":"2022-04-06T16:00:36","date_gmt":"2022-04-06T14:00:36","guid":{"rendered":"http:\/\/hdz-obz.com\/www\/?p=16252"},"modified":"2022-04-06T16:00:37","modified_gmt":"2022-04-06T14:00:37","slug":"akademska-zajednica-obiljezila-obljetnicu-smrti-dr-ante-starcevica","status":"publish","type":"post","link":"http:\/\/hdz-obz.com\/www\/?p=16252","title":{"rendered":"Akademska zajednica obilje\u017eila obljetnicu smrti dr. Ante Star\u010devi\u0107a"},"content":{"rendered":"\n<p><br>Povodom 126. obljetnice smrti dr. Ante Star\u010devi\u0107a, 28. velja\u010de 2022. godine, Akademska zajednica HDZ-a &#8220;Dr. Ante Star\u010devi\u0107&#8221; Osje\u010dko-baranjske \u017eupanije uz izaslanstvo Zajednice \u017eena HDZ-a \u201cKatarina Zrinski\u201d OB\u017d i Mlade\u017ei HDZ-a Osje\u010dko-baranjske \u017eupanije, zapalili su svije\u0107e podno spomenika dr. Anti Star\u010devi\u0107u na osje\u010dkom trgu koje i nosi ime ovog hrvatskog velikana. Nakon odavanja po\u010dasti i paljena svije\u0107a, u Hotelu Osijek, dr. sc. Antonija Huljev, podsjetila je na Star\u010devi\u0107evu cjelo\u017eivotnu borbu za slobodnu i samostalnu Hrvatsku te istaknula njegove<br>najzna\u010dajnije politi\u010dke govore i djela koja je hrvatski velikan upu\u0107ivao i \u010dinio za hrvatski narod i hrvatsku slobodu. Dr. Ante Star\u010devi\u0107 jedan je od najistaknutijih politi\u010dara u hrvatskoj povijesti, koji je zagovarao<br>i vjerovao da je hrvatski narod sposoban samostalno imati i voditi svoju dr\u017eavu te imati i koristiti svoj jezik, zbog \u010dega je jo\u0161 za \u017eivota nazvan Ocem Domovine. S krilaticom \u201eBOG I HRVATI\u201c koju je osmislio i \u010desto koristio, \u017eelio je naglasiti da se hrvatski narod mora pouzdati u Boga, svoje snage i svoja prava. \u017divotna \u017eelja i cilj Star\u010devi\u0107eva djelovanja bila slobodna, cjelokupna i samostalna Hrvatska.. Dr. Ante Star\u010devi\u0107 rodio se 23. svibnja 1823. u li\u010dkom selu \u017ditniku kod Gospi\u0107a, a umro je na dana\u0161nji dan u Zagrebu, 28. velja\u010de 1896.   <\/p>\n\n\n\n<div class=\"wp-block-file\"><a href=\"http:\/\/hdz-obz.com\/www\/wp-content\/uploads\/2022\/04\/Starcevic-2.jpg\">Starcevic-2<\/a><a href=\"http:\/\/hdz-obz.com\/www\/wp-content\/uploads\/2022\/04\/Starcevic-2.jpg\" class=\"wp-block-file__button\" download>Preuzmi<\/a><\/div>\n\n\n\n<div class=\"wp-block-file\"><a href=\"http:\/\/hdz-obz.com\/www\/wp-content\/uploads\/2022\/04\/Starcevic-3.jpg\">Starcevic-3<\/a><a href=\"http:\/\/hdz-obz.com\/www\/wp-content\/uploads\/2022\/04\/Starcevic-3.jpg\" class=\"wp-block-file__button\" download>Preuzmi<\/a><\/div>\n\n\n\n<div class=\"wp-block-file\"><a href=\"http:\/\/hdz-obz.com\/www\/wp-content\/uploads\/2022\/04\/Starcevic-4.jpg\">Starcevic-4<\/a><a href=\"http:\/\/hdz-obz.com\/www\/wp-content\/uploads\/2022\/04\/Starcevic-4.jpg\" class=\"wp-block-file__button\" download>Preuzmi<\/a><\/div>\n\n\n\n<div class=\"wp-block-file\"><a href=\"http:\/\/hdz-obz.com\/www\/wp-content\/uploads\/2022\/04\/Starcevic.jpg\">Starcevic<\/a><a href=\"http:\/\/hdz-obz.com\/www\/wp-content\/uploads\/2022\/04\/Starcevic.jpg\" class=\"wp-block-file__button\" download>Preuzmi<\/a><\/div>\n","protected":false},"excerpt":{"rendered":"<p>Povodom 126. obljetnice smrti dr. Ante Star\u010devi\u0107a, 28. velja\u010de 2022. godine, Akademska zajednica HDZ-a &#8220;Dr. Ante Star\u010devi\u0107&#8221; Osje\u010dko-baranjske \u017eupanije uz izaslanstvo Zajednice \u017eena HDZ-a \u201cKatarina Zrinski\u201d OB\u017d i Mlade\u017ei HDZ-a Osje\u010dko-baranjske \u017eupanije, zapalili su svije\u0107e podno spomenika dr. Anti Star\u010devi\u0107u na osje\u010dkom trgu koje i nosi ime ovog hrvatskog velikana. Nakon odavanja po\u010dasti i paljena &#8230;<\/p>\n","protected":false},"author":6,"featured_media":16256,"comment_status":"closed","ping_status":"closed","sticky":false,"template":"","format":"standard","meta":[],"categories":[119],"tags":[],"_links":{"self":[{"href":"http:\/\/hdz-obz.com\/www\/index.php?rest_route=\/wp\/v2\/posts\/16252"}],"collection":[{"href":"http:\/\/hdz-obz.com\/www\/index.php?rest_route=\/wp\/v2\/posts"}],"about":[{"href":"http:\/\/hdz-obz.com\/www\/index.php?rest_route=\/wp\/v2\/types\/post"}],"author":[{"embeddable":true,"href":"http:\/\/hdz-obz.com\/www\/index.php?rest_route=\/wp\/v2\/users\/6"}],"replies":[{"embeddable":true,"href":"http:\/\/hdz-obz.com\/www\/index.php?rest_route=%2Fwp%2Fv2%2Fcomments&post=16252"}],"version-history":[{"count":0,"href":"http:\/\/hdz-obz.com\/www\/index.php?rest_route=\/wp\/v2\/posts\/16252\/revisions"}],"wp:featuredmedia":[{"embeddable":true,"href":"http:\/\/hdz-obz.com\/www\/index.php?rest_route=\/wp\/v2\/media\/16256"}],"wp:attachment":[{"href":"http:\/\/hdz-obz.com\/www\/index.php?rest_route=%2Fwp%2Fv2%2Fmedia&parent=16252"}],"wp:term":[{"taxonomy":"category","embeddable":true,"href":"http:\/\/hdz-obz.com\/www\/index.php?rest_route=%2Fwp%2Fv2%2Fcategories&post=16252"},{"taxonomy":"post_tag","embeddable":true,"href":"http:\/\/hdz-obz.com\/www\/index.php?rest_route=%2Fwp%2Fv2%2Ftags&post=16252"}],"curies":[{"name":"wp","href":"https:\/\/api.w.org\/{rel}","templated":true}]}}