{"id":14543,"date":"2017-12-10T16:29:41","date_gmt":"2017-12-10T15:29:41","guid":{"rendered":"http:\/\/hdz-obz.com\/www\/?p=14543"},"modified":"2017-12-10T16:46:05","modified_gmt":"2017-12-10T15:46:05","slug":"18-obljetnica-smrti-prvog-hrvatskog-predsjednika-dr-franje-tudmana","status":"publish","type":"post","link":"http:\/\/hdz-obz.com\/www\/?p=14543","title":{"rendered":"18. OBLJETNICA SMRTI PRVOG HRVATSKOG PREDSJEDNIKA DR.FRANJE TU\u0110MANA"},"content":{"rendered":"<p>Danas se navr\u0161ava 18 godina od smrti prvoga\u00a0hrvatskog\u00a0predsjednika pod \u010dijim je vodstvom\u00a0Hrvatska\u00a0izborila svoju slobodu i neovisnost. Hrvati jo\u0161 uvijek pamte njegove rije\u010di i govore koje je izrekao u klju\u010dnim trenutcima kada se stvarala domovina. Bio je domoljub, vo\u0111a na putu prema slobodi i miru, ali prije svega veliki \u010dovjek koji je hrabro vodio svoj narod prema suverenosti i neovisnosti.<\/p>\n<p>Samostalna i neovisna hrvatska dr\u017eava, sloboda i mir te demokratski ustroj dr\u017eave \u2013 bile su njegova misija. Svoj narod je doveo do ostvarenja tisu\u0107ljetnog sna, a danas ga se prisje\u0107amo s dubokim po\u0161tovanjem i zahvalno\u0161\u0107u za sve \u0161to je u\u010dinio. Ostavio je zlatnim slovima upisan trag u na\u0161oj povijesti.<\/p>\n<p>Du\u017enosnici i \u010dlanovi <strong>Hrvatske demokratske zajednice<\/strong>, u gradu Osijeku i Osje\u010dko-baranjskoj \u017eupaniji, te koordinacije \u017eupanijskih udruga proiza\u0161lih iz Domovinskog rata danas su polo\u017eili vijence i zapalili svije\u0107e pred spomenikom <strong>dr. Franji Tu\u0111manu<\/strong> na Trgu slobode u Osijeku kako bi obilje\u017eili 18. godi\u0161njicu smrti i odali po\u010dast prvom hrvatskom predsjedniku.<\/p>\n<p>&#8220;<em>U najte\u017eim trenucima za Republiku Hrvatsku donosio je ispravne i hrabre odluke, a svoju je viziju pretvarao u djela. Na \u010delu Hrvatske uz \u017ertvu hrvatskih branitelja stvorio je slobodnu i demokratsku Republiku Hrvatsku.<\/em>&#8221; \u2013 rekao je predsjednik osje\u010dkoga HDZ-a<strong> Ivan Radi\u0107<\/strong>.<\/p>\n<p>Osje\u010dko-baranjski \u017eupan i predsjednik \u017eupanijskog HDZ-a <strong>Ivan Anu\u0161i\u0107<\/strong> rekao je kako je dr. Franjo Tu\u0111man san o hrvatskoj slobodi pretvorio je u stvarnost i kako danas zahvaljuju\u0107i njemu \u017eivimo u samostalnoj, suverenoj i neovisnoj dr\u017eavi.<\/p>\n<p>\u201e<em>Osamnaest je godina pro\u0161lo od smrti prvog hrvatskog predsjednika i utemeljitelja Hrvatske demokratske zajednice dr. Franje Tu\u0111mana. S ponosom i pijetetom sje\u0107amo se danas i uvijek \u0107emo se sje\u0107ati svega \u0161to je u\u010dinio za hrvatsku slobodu i hrvatski narod.<\/em>\u201c \u2013 naglasio je Anu\u0161i\u0107.<\/p>\n<p><a href=\"http:\/\/hdz-obz.com\/www\/wp-content\/uploads\/2017\/12\/franjoT05.jpg\"><img loading=\"lazy\" class=\"alignnone wp-image-14547 size-thumbnail\" src=\"http:\/\/hdz-obz.com\/www\/wp-content\/uploads\/2017\/12\/franjoT05-150x150.jpg\" alt=\"\" width=\"150\" height=\"150\" srcset=\"http:\/\/hdz-obz.com\/www\/wp-content\/uploads\/2017\/12\/franjoT05-150x150.jpg 150w, http:\/\/hdz-obz.com\/www\/wp-content\/uploads\/2017\/12\/franjoT05-70x70.jpg 70w\" sizes=\"(max-width: 150px) 100vw, 150px\" \/><\/a> <a href=\"http:\/\/hdz-obz.com\/www\/wp-content\/uploads\/2017\/12\/franjoT07.jpg\"><img loading=\"lazy\" class=\"alignnone wp-image-14548 size-thumbnail\" src=\"http:\/\/hdz-obz.com\/www\/wp-content\/uploads\/2017\/12\/franjoT07-150x150.jpg\" alt=\"\" width=\"150\" height=\"150\" srcset=\"http:\/\/hdz-obz.com\/www\/wp-content\/uploads\/2017\/12\/franjoT07-150x150.jpg 150w, http:\/\/hdz-obz.com\/www\/wp-content\/uploads\/2017\/12\/franjoT07-70x70.jpg 70w\" sizes=\"(max-width: 150px) 100vw, 150px\" \/><\/a> <a href=\"http:\/\/hdz-obz.com\/www\/wp-content\/uploads\/2017\/12\/franjoT09.jpg\"><img loading=\"lazy\" class=\"alignnone wp-image-14549 size-thumbnail\" src=\"http:\/\/hdz-obz.com\/www\/wp-content\/uploads\/2017\/12\/franjoT09-150x150.jpg\" alt=\"\" width=\"150\" height=\"150\" srcset=\"http:\/\/hdz-obz.com\/www\/wp-content\/uploads\/2017\/12\/franjoT09-150x150.jpg 150w, http:\/\/hdz-obz.com\/www\/wp-content\/uploads\/2017\/12\/franjoT09-70x70.jpg 70w\" sizes=\"(max-width: 150px) 100vw, 150px\" \/><\/a> <a href=\"http:\/\/hdz-obz.com\/www\/wp-content\/uploads\/2017\/12\/franjoT10.jpg\"><img loading=\"lazy\" class=\"alignnone wp-image-14550 size-thumbnail\" src=\"http:\/\/hdz-obz.com\/www\/wp-content\/uploads\/2017\/12\/franjoT10-150x150.jpg\" alt=\"\" width=\"150\" height=\"150\" srcset=\"http:\/\/hdz-obz.com\/www\/wp-content\/uploads\/2017\/12\/franjoT10-150x150.jpg 150w, http:\/\/hdz-obz.com\/www\/wp-content\/uploads\/2017\/12\/franjoT10-70x70.jpg 70w\" sizes=\"(max-width: 150px) 100vw, 150px\" \/><\/a> <a href=\"http:\/\/hdz-obz.com\/www\/wp-content\/uploads\/2017\/12\/franjoT11.jpg\"><img loading=\"lazy\" class=\"alignnone wp-image-14551 size-thumbnail\" src=\"http:\/\/hdz-obz.com\/www\/wp-content\/uploads\/2017\/12\/franjoT11-150x150.jpg\" alt=\"\" width=\"150\" height=\"150\" srcset=\"http:\/\/hdz-obz.com\/www\/wp-content\/uploads\/2017\/12\/franjoT11-150x150.jpg 150w, http:\/\/hdz-obz.com\/www\/wp-content\/uploads\/2017\/12\/franjoT11-70x70.jpg 70w\" sizes=\"(max-width: 150px) 100vw, 150px\" \/><\/a> <a href=\"http:\/\/hdz-obz.com\/www\/wp-content\/uploads\/2017\/12\/franjoT12.jpg\"><img loading=\"lazy\" class=\"alignnone wp-image-14552 size-thumbnail\" src=\"http:\/\/hdz-obz.com\/www\/wp-content\/uploads\/2017\/12\/franjoT12-150x150.jpg\" alt=\"\" width=\"150\" height=\"150\" srcset=\"http:\/\/hdz-obz.com\/www\/wp-content\/uploads\/2017\/12\/franjoT12-150x150.jpg 150w, http:\/\/hdz-obz.com\/www\/wp-content\/uploads\/2017\/12\/franjoT12-70x70.jpg 70w\" sizes=\"(max-width: 150px) 100vw, 150px\" \/><\/a> <a href=\"http:\/\/hdz-obz.com\/www\/wp-content\/uploads\/2017\/12\/franjoT13.jpg\"><img loading=\"lazy\" class=\"alignnone wp-image-14553 size-thumbnail\" src=\"http:\/\/hdz-obz.com\/www\/wp-content\/uploads\/2017\/12\/franjoT13-150x150.jpg\" alt=\"\" width=\"150\" height=\"150\" srcset=\"http:\/\/hdz-obz.com\/www\/wp-content\/uploads\/2017\/12\/franjoT13-150x150.jpg 150w, http:\/\/hdz-obz.com\/www\/wp-content\/uploads\/2017\/12\/franjoT13-70x70.jpg 70w\" sizes=\"(max-width: 150px) 100vw, 150px\" \/><\/a> <a href=\"http:\/\/hdz-obz.com\/www\/wp-content\/uploads\/2017\/12\/franjoT14.jpg\"><img loading=\"lazy\" class=\"alignnone wp-image-14554 size-thumbnail\" src=\"http:\/\/hdz-obz.com\/www\/wp-content\/uploads\/2017\/12\/franjoT14-150x150.jpg\" alt=\"\" width=\"150\" height=\"150\" srcset=\"http:\/\/hdz-obz.com\/www\/wp-content\/uploads\/2017\/12\/franjoT14-150x150.jpg 150w, http:\/\/hdz-obz.com\/www\/wp-content\/uploads\/2017\/12\/franjoT14-70x70.jpg 70w\" sizes=\"(max-width: 150px) 100vw, 150px\" \/><\/a> <a href=\"http:\/\/hdz-obz.com\/www\/wp-content\/uploads\/2017\/12\/franjoT16.jpg\"><img loading=\"lazy\" class=\"alignnone wp-image-14556 size-thumbnail\" src=\"http:\/\/hdz-obz.com\/www\/wp-content\/uploads\/2017\/12\/franjoT16-150x150.jpg\" alt=\"\" width=\"150\" height=\"150\" srcset=\"http:\/\/hdz-obz.com\/www\/wp-content\/uploads\/2017\/12\/franjoT16-150x150.jpg 150w, http:\/\/hdz-obz.com\/www\/wp-content\/uploads\/2017\/12\/franjoT16-70x70.jpg 70w\" sizes=\"(max-width: 150px) 100vw, 150px\" \/><\/a> <a href=\"http:\/\/hdz-obz.com\/www\/wp-content\/uploads\/2017\/12\/franjoT17.jpg\"><img loading=\"lazy\" class=\"alignnone wp-image-14557 size-thumbnail\" src=\"http:\/\/hdz-obz.com\/www\/wp-content\/uploads\/2017\/12\/franjoT17-150x150.jpg\" alt=\"\" width=\"150\" height=\"150\" srcset=\"http:\/\/hdz-obz.com\/www\/wp-content\/uploads\/2017\/12\/franjoT17-150x150.jpg 150w, http:\/\/hdz-obz.com\/www\/wp-content\/uploads\/2017\/12\/franjoT17-70x70.jpg 70w\" sizes=\"(max-width: 150px) 100vw, 150px\" \/><\/a><\/p>\n<p>&nbsp;<\/p>\n","protected":false},"excerpt":{"rendered":"<p>Danas se navr\u0161ava 18 godina od smrti prvoga\u00a0hrvatskog\u00a0predsjednika pod \u010dijim je vodstvom\u00a0Hrvatska\u00a0izborila svoju slobodu i neovisnost. Hrvati jo\u0161 uvijek pamte njegove rije\u010di i govore koje je izrekao u klju\u010dnim trenutcima kada se stvarala domovina. Bio je domoljub, vo\u0111a na putu prema slobodi i miru, ali prije svega veliki \u010dovjek koji je hrabro vodio svoj narod &#8230;<\/p>\n","protected":false},"author":6,"featured_media":14544,"comment_status":"closed","ping_status":"closed","sticky":false,"template":"","format":"standard","meta":[],"categories":[119],"tags":[134],"_links":{"self":[{"href":"http:\/\/hdz-obz.com\/www\/index.php?rest_route=\/wp\/v2\/posts\/14543"}],"collection":[{"href":"http:\/\/hdz-obz.com\/www\/index.php?rest_route=\/wp\/v2\/posts"}],"about":[{"href":"http:\/\/hdz-obz.com\/www\/index.php?rest_route=\/wp\/v2\/types\/post"}],"author":[{"embeddable":true,"href":"http:\/\/hdz-obz.com\/www\/index.php?rest_route=\/wp\/v2\/users\/6"}],"replies":[{"embeddable":true,"href":"http:\/\/hdz-obz.com\/www\/index.php?rest_route=%2Fwp%2Fv2%2Fcomments&post=14543"}],"version-history":[{"count":0,"href":"http:\/\/hdz-obz.com\/www\/index.php?rest_route=\/wp\/v2\/posts\/14543\/revisions"}],"wp:featuredmedia":[{"embeddable":true,"href":"http:\/\/hdz-obz.com\/www\/index.php?rest_route=\/wp\/v2\/media\/14544"}],"wp:attachment":[{"href":"http:\/\/hdz-obz.com\/www\/index.php?rest_route=%2Fwp%2Fv2%2Fmedia&parent=14543"}],"wp:term":[{"taxonomy":"category","embeddable":true,"href":"http:\/\/hdz-obz.com\/www\/index.php?rest_route=%2Fwp%2Fv2%2Fcategories&post=14543"},{"taxonomy":"post_tag","embeddable":true,"href":"http:\/\/hdz-obz.com\/www\/index.php?rest_route=%2Fwp%2Fv2%2Ftags&post=14543"}],"curies":[{"name":"wp","href":"https:\/\/api.w.org\/{rel}","templated":true}]}}